{"id":11,"date":"2017-02-11T15:08:46","date_gmt":"2017-02-11T14:08:46","guid":{"rendered":"http:\/\/www.dianarighini.com\/?p=11"},"modified":"2021-07-12T11:38:30","modified_gmt":"2021-07-12T10:38:30","slug":"monuments-et-barricades","status":"publish","type":"post","link":"https:\/\/www.dianarighini.com\/?p=11","title":{"rendered":"Valter &#8211; Sarajevo"},"content":{"rendered":"<div id=\"attachment_12\" style=\"width: 1034px\" class=\"wp-caption alignnone\"><a href=\"https:\/\/www.dianarighini.com\/wp-content\/uploads\/2014\/07\/Video_Walter2.png\"><img loading=\"lazy\" decoding=\"async\" aria-describedby=\"caption-attachment-12\" class=\"wp-image-12 size-large\" src=\"https:\/\/www.dianarighini.com\/wp-content\/uploads\/2014\/07\/Video_Walter2-1024x573.png\" alt=\"vid\u00e9o 3min. , 2013\" width=\"1024\" height=\"573\" srcset=\"https:\/\/www.dianarighini.com\/wp-content\/uploads\/2014\/07\/Video_Walter2-1024x573.png 1024w, https:\/\/www.dianarighini.com\/wp-content\/uploads\/2014\/07\/Video_Walter2-300x167.png 300w, https:\/\/www.dianarighini.com\/wp-content\/uploads\/2014\/07\/Video_Walter2.png 1186w\" sizes=\"auto, (max-width: 1024px) 100vw, 1024px\" \/><\/a><p id=\"caption-attachment-12\" class=\"wp-caption-text\">Intervention dans l&rsquo;espace public, Sarajevo, vid\u00e9o 2min 50 sec. , 2013<\/p><\/div>\n<p class=\"paragraph_style_4\" style=\"padding-bottom: 0pt;\"><span class=\"style_1\" style=\"line-height: 16px;\">Valter est un h\u00e9ros yougoslave de la Seconde Guerre mondiale. Il a d\u00e9fendu Sarajevo de l&rsquo;occupation allemande nazie. Un monument discret le repr\u00e9sente dans cette ville. Coinc\u00e9 pr\u00e8s de l&rsquo;ancienne centrale \u00e9lectrique, entre deux rues et quelques buissons. Il a d\u00e9fendu cette m\u00eame centrale \u00e9lectrique, aujourd&rsquo;hui une ruine, d\u00e9truite pendant la guerre en Yougoslavie dans les ann\u00e9es 90. Son nez est cass\u00e9. Deux fois. La statue a \u00e9t\u00e9 restaur\u00e9e et le nez a \u00e9t\u00e9 cass\u00e9 \u00e0 nouveau, et garde la premi\u00e8re trace visible par une autre couleur. Le nez cass\u00e9 est ici une m\u00e9taphore de la fa\u00e7on dont la culture, les monuments et la m\u00e9moire souffrent de la politique ethnique et du nationalisme. Valter est encore aujourd&rsquo;hui une figure populaire et forte pour la ville symbolisant les partisans et la r\u00e9sistance.<\/span><\/p>\n<p class=\"paragraph_style_4\" style=\"padding-bottom: 0pt;\">&gt;&gt;&gt;<\/p>\n<p class=\"paragraph_style_4\" style=\"padding-bottom: 0pt;\"><em><span class=\"style\">Valter is a Yougoslav Hero of the Second World War. He defended Sarajevo from the German Nazi occupation. A discrete monument represent him in this city, close to the old electric central wedged between two streets and some bushes. The same electric central that he defended\u00a0 is today a ruine, destroyed during the\u00a0 war in Yugoslavia in the 90\u2019. His nose is broken. Twice. The statue was restored and the nose was broken again, keeping the first trace visible with another color. The broken nose is here a metaphor about how culture, monuments and memory are suffering of ethnical politics and nationalism. Valter is still today a popular and strong figure for the city symbolizing partisans and resistance.<\/span><\/em><\/p>\n<p class=\"paragraph_style_4\" style=\"padding-bottom: 0pt;\">&gt;&gt;&gt;<\/p>\n<p><a href=\"https:\/\/vimeo.com\/85160966\">https:\/\/vimeo.com\/85160966<\/a><\/p>\n<p>&nbsp;<\/p>\n<div id=\"attachment_132\" style=\"width: 1034px\" class=\"wp-caption alignnone\"><a href=\"https:\/\/www.dianarighini.com\/wp-content\/uploads\/2014\/08\/Walter_Silkscreen.jpg\"><img loading=\"lazy\" decoding=\"async\" aria-describedby=\"caption-attachment-132\" class=\"wp-image-132 size-large\" src=\"https:\/\/www.dianarighini.com\/wp-content\/uploads\/2014\/08\/Walter_Silkscreen-1024x959.jpg\" alt=\"Walter_Silkscreen\" width=\"1024\" height=\"959\" srcset=\"https:\/\/www.dianarighini.com\/wp-content\/uploads\/2014\/08\/Walter_Silkscreen-1024x959.jpg 1024w, https:\/\/www.dianarighini.com\/wp-content\/uploads\/2014\/08\/Walter_Silkscreen-300x281.jpg 300w\" sizes=\"auto, (max-width: 1024px) 100vw, 1024px\" \/><\/a><p id=\"caption-attachment-132\" class=\"wp-caption-text\">The broken nose ( Valter ), Silkscreen \/\/\/ S\u00e9rigraphie Quadri 40 x 60 cm \/ paper 70 x 100 cm, 10 tirages, 2012<\/p><\/div>\n","protected":false},"excerpt":{"rendered":"<p>Valter est un h\u00e9ros yougoslave de la Seconde Guerre mondiale. Il a d\u00e9fendu Sarajevo de l&rsquo;occupation allemande nazie. Un monument discret le repr\u00e9sente dans cette ville. Coinc\u00e9 pr\u00e8s de l&rsquo;ancienne centrale \u00e9lectrique, entre deux rues et quelques buissons. Il a d\u00e9fendu cette m\u00eame centrale \u00e9lectrique, aujourd&rsquo;hui une ruine, d\u00e9truite pendant la guerre en Yougoslavie dans [&hellip;]<\/p>\n","protected":false},"author":1,"featured_media":12,"comment_status":"closed","ping_status":"closed","sticky":false,"template":"","format":"standard","meta":{"footnotes":""},"categories":[1],"tags":[],"class_list":["post-11","post","type-post","status-publish","format-standard","has-post-thumbnail","hentry","category-non-classe"],"_links":{"self":[{"href":"https:\/\/www.dianarighini.com\/index.php?rest_route=\/wp\/v2\/posts\/11","targetHints":{"allow":["GET"]}}],"collection":[{"href":"https:\/\/www.dianarighini.com\/index.php?rest_route=\/wp\/v2\/posts"}],"about":[{"href":"https:\/\/www.dianarighini.com\/index.php?rest_route=\/wp\/v2\/types\/post"}],"author":[{"embeddable":true,"href":"https:\/\/www.dianarighini.com\/index.php?rest_route=\/wp\/v2\/users\/1"}],"replies":[{"embeddable":true,"href":"https:\/\/www.dianarighini.com\/index.php?rest_route=%2Fwp%2Fv2%2Fcomments&post=11"}],"version-history":[{"count":9,"href":"https:\/\/www.dianarighini.com\/index.php?rest_route=\/wp\/v2\/posts\/11\/revisions"}],"predecessor-version":[{"id":1811,"href":"https:\/\/www.dianarighini.com\/index.php?rest_route=\/wp\/v2\/posts\/11\/revisions\/1811"}],"wp:featuredmedia":[{"embeddable":true,"href":"https:\/\/www.dianarighini.com\/index.php?rest_route=\/wp\/v2\/media\/12"}],"wp:attachment":[{"href":"https:\/\/www.dianarighini.com\/index.php?rest_route=%2Fwp%2Fv2%2Fmedia&parent=11"}],"wp:term":[{"taxonomy":"category","embeddable":true,"href":"https:\/\/www.dianarighini.com\/index.php?rest_route=%2Fwp%2Fv2%2Fcategories&post=11"},{"taxonomy":"post_tag","embeddable":true,"href":"https:\/\/www.dianarighini.com\/index.php?rest_route=%2Fwp%2Fv2%2Ftags&post=11"}],"curies":[{"name":"wp","href":"https:\/\/api.w.org\/{rel}","templated":true}]}}